{"id":8272,"date":"2018-12-04T13:24:03","date_gmt":"2018-12-04T13:24:03","guid":{"rendered":"https:\/\/sothebysrealty.hr\/galerija-mala-gdje-su-izlozbe-vise-od-umjetnosti\/"},"modified":"2022-05-10T10:21:37","modified_gmt":"2022-05-10T10:21:37","slug":"galerija-mala-gdje-su-izlozbe-vise-od-umjetnosti","status":"publish","type":"post","link":"https:\/\/sothebysrealty.hr\/hr\/galerija-mala-gdje-su-izlozbe-vise-od-umjetnosti\/","title":{"rendered":"Galerija Mala \u2013 Gdje su izlo\u017ebe vi\u0161e od umjetnosti"},"content":{"rendered":"<p>Pozivnica s tekstom &#8220;Sve se dogodilo na trgu &#8211; Galerija Mala&#8221; 1989. godine ozna\u010dila je po\u010detak male, ali va\u017ene galerije u srcu Zagreba.<\/p>\n<p>Uprava galerije na samom po\u010detku izjavila je da \u0107e predstaviti samo najaktualniju produkciju i suvremenu umjetnost. <a href=\"https:\/\/www.facebook.com\/Galerija-Mala-doo-1599461666970618\/\">Galerija Mala<\/a> bila je jedna od prvih privatnih galerija u Hrvatskoj.<\/p>\n<p>Galerija Mala smje\u0161tena izme\u0111u Male kavane i caffea Ban te predstavlja kulturnu to\u010dku sjeverne strane glavnog zagreba\u010dkog trga. Djeluje kao prodajna galerija djela hrvatskih autora i na taj na\u010din poma\u017ee u promicanju hrvatske umjetnosti.<\/p>\n<p>&nbsp;<\/p>\n<p><img loading=\"lazy\" decoding=\"async\" class=\"aligncenter wp-image-11551 img-fluid\" src=\"https:\/\/sothebysrealtyhr.imgix.net\/wp-content\/uploads\/2018\/12\/1557486_1599468570303261_5614224772633369219_n.jpg?auto=format%2Cenhance%2Ccompress\" alt=\"galerija mala, gallery, art, exhibition, ban jelacic square, sotheby's\" width=\"600\" height=\"450\" \/><\/p>\n<p style=\"text-align: center;\">Photo credit: Galerija Mala<\/p>\n<p>&nbsp;<\/p>\n<h2>Povijest Galerije Male<\/h2>\n<p>Otvorena neposredno prije praznika, galerija je zapo\u010dela suradnju s izlo\u017ebom Miroslava \u0160uteja, istaknutog i popularnog akademskog umjetnika, \u010dija je karijera tada bila na vrhuncu. Nakon praznika, galerija je uprili\u010dila prezentacije knjige &#8220;Zagreb prije po\u010detka&#8221;, faksimil Zlatne bule, nove zagreba\u010dke razglednice &#8230; Zahvaljuju\u0107i atraktivnoj lokaciji, tik uz Harmicu, bogata i uvijek a\u017eurnuog programa, Galerija Mala postala je nezaobilazno mjesto kulturnih susreta. Dru\u0161tveni doga\u0111aji zakazani su tijekom cijele godine, pod kontinuiranim i neovisnim vodstvom Mirne Hromatko Reiser.<\/p>\n<p>Prostor galerije nekada je koristila izdava\u010dka organizacija Mladost. Prostor je za potrebe galerije obnovio Arhitektonski zavod za dizajn iz Zagreba. Na ne\u0161to vi\u0161e od 40 \u010detvornih metara ova galerija dom je mnogih umjetni\u010dkih djela i aktivnosti. Tu se, primjerice, odvijaju: prodaja i promocija slika i grafike, fine plastike, umjetni\u010dkog nakita, bibliografskih i umjetni\u010dkih publikacija, grafi\u010dkih karata i grafi\u010dkih listova.<\/p>\n<p>&nbsp;<\/p>\n<h2 style=\"text-align: left;\">Jednostavan i efektan interijer<\/h2>\n<p style=\"text-align: left;\">Unutra\u0161njost galerije izuzetno je zanimljiva. U prizemlju dominira stijena smje\u0161tena nasuprot prolaza, zbog \u010dega je namijenjena prikazivanju slika i skulptura. Druga stijena nalazi se nasuprot ulaza i ukra\u0161ena je policama i vitrinama. Pogodan je za izlaganje drugih radova. Sredi\u0161nji prostor galerije ostao je slobodan tako da posjetitelji mogu vidjeti izlo\u017eena umjetni\u010dka djela. Od 1989. godine prostor je zadr\u017eao sva svoja bitna obilje\u017eja. Uvijek je obojena u neutralnoj bijeloj boji, pogodna za prikaz svih umjetni\u010dkih djela.<\/p>\n<p>&nbsp;<\/p>\n<p><img loading=\"lazy\" decoding=\"async\" class=\"aligncenter wp-image-11552  img-fluid\" src=\"https:\/\/sothebysrealtyhr.imgix.net\/wp-content\/uploads\/2021\/04\/croatia-villa-korcula-eleganzzia9.jpg?auto=format%2Cenhance%2Ccompress\" alt=\"galerija mala, gallery, art, exhibition, artwork, ban jelacic square, sotheby''s\" width=\"600\" height=\"450\" \/><\/p>\n<p style=\"text-align: center;\">Photo credit: Galerija Mala<\/p>\n<p>&nbsp;<\/p>\n<h2 style=\"text-align: left;\">Aktivnosti galerije<\/h2>\n<p>Me\u0111u mnogim umjetnicima \u010dija su djela izlo\u017eena u Galeriji Mala, te\u0161ko je izdvojiti nikoga posebno. Ipak spomenut \u0107emo Nikolu Reisera, Marijana Muljevi\u0107a, Milana Steinera, Luju Lozi\u0107a, Stipu Nobila, Vaska Lipovca i Dimitara Popovi\u0107a. Posebno je zapa\u017eena izlo\u017eba \u201eKravate\u201c, autorski projekt Andrije Seifrieda, koji je tako\u0111er predstavljen u Zadru i Dubrovniku.<\/p>\n<p>Galerija tako\u0111er prima brojne upite za suradnju umjetnika koji \u017eive i rade u Europi, posebno iz Be\u010da, Ljubljane, Budimpe\u0161te i Venecije. Jedan od ciljeva Galerije je pobolj\u0161ati i pro\u0161iriti suradnju s umjetnicima i podi\u0107i kulturnu i umjetni\u010dku razinu, ne samo Galerije ve\u0107 i Zagreba kao jednog od najzanimljivijih turisti\u010dkih europskih gradova.<\/p>\n<p>Galerija se mo\u017ee pohvaliti i sudjelovanjem u opremanju brojnih hotelskih i poslovnih interijera umjetni\u010dkim djelima i grafikom. Umjetni\u010dka djela mogu udahnuti potpuno novi \u017eivot u na\u0161 svakodnevni \u017eivotni prostor i osvje\u017eiti ga. Vodstvo Galerije Mala prepoznalo je to davno.<\/p>\n","protected":false},"excerpt":{"rendered":"<p>Pozivnica s tekstom &#8220;Sve se dogodilo na trgu &#8211; Galerija Mala&#8221; 1989. godine ozna\u010dila je po\u010detak male, ali va\u017ene galerije u srcu Zagreba. Uprava galerije na samom po\u010detku izjavila je da \u0107e predstaviti samo najaktualniju produkciju i suvremenu umjetnost. Galerija Mala bila je jedna od prvih privatnih galerija u Hrvatskoj. Galerija Mala smje\u0161tena izme\u0111u Male &#8230;<\/p>\n","protected":false},"author":3,"featured_media":5235,"comment_status":"open","ping_status":"open","sticky":false,"template":"","format":"standard","meta":{"_acf_changed":false,"footnotes":""},"categories":[2],"tags":[270,268,269],"class_list":["post-8272","post","type-post","status-publish","format-standard","has-post-thumbnail","hentry","category-uncategorized-hr","tag-galerija-mala-hr","tag-sothebys-hr","tag-umjetnost"],"acf":[],"yoast_head":"<!-- This site is optimized with the Yoast SEO plugin v25.4 - https:\/\/yoast.com\/wordpress\/plugins\/seo\/ -->\n<title>Galerija Mala \u2013 Gdje su izlo\u017ebe vi\u0161e od umjetnosti - Croatia Sotheby&#039;s International Realty<\/title>\n<meta name=\"description\" content=\"Galerija mala jedna je od prvih privatnih galerija u Hrvatskoj koja predstavlja kulturnu to\u010dku na sjevernoj strani trga u Zagrebu.\" \/>\n<meta name=\"robots\" content=\"index, follow, max-snippet:-1, max-image-preview:large, max-video-preview:-1\" \/>\n<link rel=\"canonical\" href=\"https:\/\/sothebysrealty.hr\/hr\/galerija-mala-gdje-su-izlozbe-vise-od-umjetnosti\/\" \/>\n<meta property=\"og:locale\" content=\"hr_HR\" \/>\n<meta property=\"og:type\" content=\"article\" \/>\n<meta property=\"og:title\" content=\"Galerija Mala \u2013 Gdje su izlo\u017ebe vi\u0161e od umjetnosti - Croatia Sotheby&#039;s International Realty\" \/>\n<meta property=\"og:description\" content=\"Galerija mala jedna je od prvih privatnih galerija u Hrvatskoj koja predstavlja kulturnu to\u010dku na sjevernoj strani trga u Zagrebu.\" \/>\n<meta property=\"og:url\" content=\"https:\/\/sothebysrealty.hr\/hr\/galerija-mala-gdje-su-izlozbe-vise-od-umjetnosti\/\" \/>\n<meta property=\"og:site_name\" content=\"Croatia Sotheby&#039;s International Realty\" \/>\n<meta property=\"article:publisher\" content=\"https:\/\/www.facebook.com\/Croatia-Sothebys-International-Realty-1387517151312497\/\" \/>\n<meta property=\"article:published_time\" content=\"2018-12-04T13:24:03+00:00\" \/>\n<meta property=\"article:modified_time\" content=\"2022-05-10T10:21:37+00:00\" \/>\n<meta property=\"og:image\" content=\"https:\/\/sothebysrealtyhr.imgix.net\/wp-content\/uploads\/2020\/10\/b77588187e01ae15cb7d.jpeg?auto=format%2Cenhance%2Ccompress\" \/>\n\t<meta property=\"og:image:width\" content=\"1800\" \/>\n\t<meta property=\"og:image:height\" content=\"1200\" \/>\n\t<meta property=\"og:image:type\" content=\"image\/jpeg\" \/>\n<meta name=\"author\" content=\"Ivana Markovi\u0107\" \/>\n<meta name=\"twitter:card\" content=\"summary_large_image\" \/>\n<meta name=\"twitter:label1\" content=\"Napisao\/la\" \/>\n\t<meta name=\"twitter:data1\" content=\"Ivana Markovi\u0107\" \/>\n\t<meta name=\"twitter:label2\" content=\"Procijenjeno vrijeme \u010ditanja\" \/>\n\t<meta name=\"twitter:data2\" content=\"3 minute\" \/>\n<script type=\"application\/ld+json\" class=\"yoast-schema-graph\">{\"@context\":\"https:\/\/schema.org\",\"@graph\":[{\"@type\":\"Article\",\"@id\":\"https:\/\/sothebysrealty.hr\/hr\/galerija-mala-gdje-su-izlozbe-vise-od-umjetnosti\/#article\",\"isPartOf\":{\"@id\":\"https:\/\/sothebysrealty.hr\/hr\/galerija-mala-gdje-su-izlozbe-vise-od-umjetnosti\/\"},\"author\":{\"name\":\"Ivana Markovi\u0107\",\"@id\":\"https:\/\/sothebysrealty.hr\/hr\/#\/schema\/person\/6cbca8c77cda86b76f8af0b47783626c\"},\"headline\":\"Galerija Mala \u2013 Gdje su izlo\u017ebe vi\u0161e od umjetnosti\",\"datePublished\":\"2018-12-04T13:24:03+00:00\",\"dateModified\":\"2022-05-10T10:21:37+00:00\",\"mainEntityOfPage\":{\"@id\":\"https:\/\/sothebysrealty.hr\/hr\/galerija-mala-gdje-su-izlozbe-vise-od-umjetnosti\/\"},\"wordCount\":518,\"commentCount\":0,\"publisher\":{\"@id\":\"https:\/\/sothebysrealty.hr\/hr\/#organization\"},\"image\":{\"@id\":\"https:\/\/sothebysrealty.hr\/hr\/galerija-mala-gdje-su-izlozbe-vise-od-umjetnosti\/#primaryimage\"},\"thumbnailUrl\":\"https:\/\/sothebysrealtyhr.imgix.net\/wp-content\/uploads\/2020\/10\/b77588187e01ae15cb7d.jpeg?auto=format%2Cenhance%2Ccompress\",\"keywords\":[\"galerija mala\",\"sotheby\u2019s\",\"umjetnost\"],\"articleSection\":[\"Uncategorized @hr\"],\"inLanguage\":\"hr\",\"potentialAction\":[{\"@type\":\"CommentAction\",\"name\":\"Comment\",\"target\":[\"https:\/\/sothebysrealty.hr\/hr\/galerija-mala-gdje-su-izlozbe-vise-od-umjetnosti\/#respond\"]}]},{\"@type\":\"WebPage\",\"@id\":\"https:\/\/sothebysrealty.hr\/hr\/galerija-mala-gdje-su-izlozbe-vise-od-umjetnosti\/\",\"url\":\"https:\/\/sothebysrealty.hr\/hr\/galerija-mala-gdje-su-izlozbe-vise-od-umjetnosti\/\",\"name\":\"Galerija Mala \u2013 Gdje su izlo\u017ebe vi\u0161e od umjetnosti - Croatia Sotheby&#039;s International Realty\",\"isPartOf\":{\"@id\":\"https:\/\/sothebysrealty.hr\/hr\/#website\"},\"primaryImageOfPage\":{\"@id\":\"https:\/\/sothebysrealty.hr\/hr\/galerija-mala-gdje-su-izlozbe-vise-od-umjetnosti\/#primaryimage\"},\"image\":{\"@id\":\"https:\/\/sothebysrealty.hr\/hr\/galerija-mala-gdje-su-izlozbe-vise-od-umjetnosti\/#primaryimage\"},\"thumbnailUrl\":\"https:\/\/sothebysrealtyhr.imgix.net\/wp-content\/uploads\/2020\/10\/b77588187e01ae15cb7d.jpeg?auto=format%2Cenhance%2Ccompress\",\"datePublished\":\"2018-12-04T13:24:03+00:00\",\"dateModified\":\"2022-05-10T10:21:37+00:00\",\"description\":\"Galerija mala jedna je od prvih privatnih galerija u Hrvatskoj koja predstavlja kulturnu to\u010dku na sjevernoj strani trga u Zagrebu.\",\"breadcrumb\":{\"@id\":\"https:\/\/sothebysrealty.hr\/hr\/galerija-mala-gdje-su-izlozbe-vise-od-umjetnosti\/#breadcrumb\"},\"inLanguage\":\"hr\",\"potentialAction\":[{\"@type\":\"ReadAction\",\"target\":[\"https:\/\/sothebysrealty.hr\/hr\/galerija-mala-gdje-su-izlozbe-vise-od-umjetnosti\/\"]}]},{\"@type\":\"ImageObject\",\"inLanguage\":\"hr\",\"@id\":\"https:\/\/sothebysrealty.hr\/hr\/galerija-mala-gdje-su-izlozbe-vise-od-umjetnosti\/#primaryimage\",\"url\":\"https:\/\/sothebysrealtyhr.imgix.net\/wp-content\/uploads\/2020\/10\/b77588187e01ae15cb7d.jpeg?auto=format%2Cenhance%2Ccompress\",\"contentUrl\":\"https:\/\/sothebysrealtyhr.imgix.net\/wp-content\/uploads\/2020\/10\/b77588187e01ae15cb7d.jpeg?auto=format%2Cenhance%2Ccompress\",\"width\":1800,\"height\":1200},{\"@type\":\"BreadcrumbList\",\"@id\":\"https:\/\/sothebysrealty.hr\/hr\/galerija-mala-gdje-su-izlozbe-vise-od-umjetnosti\/#breadcrumb\",\"itemListElement\":[{\"@type\":\"ListItem\",\"position\":1,\"name\":\"Home\",\"item\":\"https:\/\/sothebysrealty.hr\/hr\/\"},{\"@type\":\"ListItem\",\"position\":2,\"name\":\"Galerija Mala \u2013 Gdje su izlo\u017ebe vi\u0161e od umjetnosti\"}]},{\"@type\":\"WebSite\",\"@id\":\"https:\/\/sothebysrealty.hr\/hr\/#website\",\"url\":\"https:\/\/sothebysrealty.hr\/hr\/\",\"name\":\"Croatia Sotheby&#039;s International Realty\",\"description\":\"Croatia property for sale, buying property in Croatia. Croatia Sotheby&#039;s International Realty have the best selection of real estate properties in Croatia.\",\"publisher\":{\"@id\":\"https:\/\/sothebysrealty.hr\/hr\/#organization\"},\"potentialAction\":[{\"@type\":\"SearchAction\",\"target\":{\"@type\":\"EntryPoint\",\"urlTemplate\":\"https:\/\/sothebysrealty.hr\/hr\/?s={search_term_string}\"},\"query-input\":{\"@type\":\"PropertyValueSpecification\",\"valueRequired\":true,\"valueName\":\"search_term_string\"}}],\"inLanguage\":\"hr\"},{\"@type\":\"Organization\",\"@id\":\"https:\/\/sothebysrealty.hr\/hr\/#organization\",\"name\":\"Croatia Sotheby\u2019s International Realty\",\"url\":\"https:\/\/sothebysrealty.hr\/hr\/\",\"logo\":{\"@type\":\"ImageObject\",\"inLanguage\":\"hr\",\"@id\":\"https:\/\/sothebysrealty.hr\/hr\/#\/schema\/logo\/image\/\",\"url\":\"https:\/\/sothebysrealtyhr.imgix.net\/wp-content\/uploads\/2021\/01\/Sothebys_Croatia_Signature.jpg?auto=format%2Cenhance%2Ccompress\",\"contentUrl\":\"https:\/\/sothebysrealtyhr.imgix.net\/wp-content\/uploads\/2021\/01\/Sothebys_Croatia_Signature.jpg?auto=format%2Cenhance%2Ccompress\",\"width\":260,\"height\":260,\"caption\":\"Croatia Sotheby\u2019s International Realty\"},\"image\":{\"@id\":\"https:\/\/sothebysrealty.hr\/hr\/#\/schema\/logo\/image\/\"},\"sameAs\":[\"https:\/\/www.facebook.com\/Croatia-Sothebys-International-Realty-1387517151312497\/\",\"https:\/\/www.instagram.com\/croatiasothebysrealty\/\",\"https:\/\/www.linkedin.com\/company\/sotheby\u00b4s-international-realty-croatia\",\"https:\/\/www.youtube.com\/channel\/UCpdNuXABkD23GhwOVvXY7YA\"]},{\"@type\":\"Person\",\"@id\":\"https:\/\/sothebysrealty.hr\/hr\/#\/schema\/person\/6cbca8c77cda86b76f8af0b47783626c\",\"name\":\"Ivana Markovi\u0107\",\"image\":{\"@type\":\"ImageObject\",\"inLanguage\":\"hr\",\"@id\":\"https:\/\/sothebysrealty.hr\/hr\/#\/schema\/person\/image\/\",\"url\":\"https:\/\/secure.gravatar.com\/avatar\/bfe473a89882d435266bc45a90c012c3270a6e24fc561825eb28bebca6be45db?s=96&d=mm&r=g\",\"contentUrl\":\"https:\/\/secure.gravatar.com\/avatar\/bfe473a89882d435266bc45a90c012c3270a6e24fc561825eb28bebca6be45db?s=96&d=mm&r=g\",\"caption\":\"Ivana Markovi\u0107\"}}]}<\/script>\n<!-- \/ Yoast SEO plugin. -->","yoast_head_json":{"title":"Galerija Mala \u2013 Gdje su izlo\u017ebe vi\u0161e od umjetnosti - Croatia Sotheby&#039;s International Realty","description":"Galerija mala jedna je od prvih privatnih galerija u Hrvatskoj koja predstavlja kulturnu to\u010dku na sjevernoj strani trga u Zagrebu.","robots":{"index":"index","follow":"follow","max-snippet":"max-snippet:-1","max-image-preview":"max-image-preview:large","max-video-preview":"max-video-preview:-1"},"canonical":"https:\/\/sothebysrealty.hr\/hr\/galerija-mala-gdje-su-izlozbe-vise-od-umjetnosti\/","og_locale":"hr_HR","og_type":"article","og_title":"Galerija Mala \u2013 Gdje su izlo\u017ebe vi\u0161e od umjetnosti - Croatia Sotheby&#039;s International Realty","og_description":"Galerija mala jedna je od prvih privatnih galerija u Hrvatskoj koja predstavlja kulturnu to\u010dku na sjevernoj strani trga u Zagrebu.","og_url":"https:\/\/sothebysrealty.hr\/hr\/galerija-mala-gdje-su-izlozbe-vise-od-umjetnosti\/","og_site_name":"Croatia Sotheby&#039;s International Realty","article_publisher":"https:\/\/www.facebook.com\/Croatia-Sothebys-International-Realty-1387517151312497\/","article_published_time":"2018-12-04T13:24:03+00:00","article_modified_time":"2022-05-10T10:21:37+00:00","og_image":[{"width":1800,"height":1200,"url":"https:\/\/sothebysrealtyhr.imgix.net\/wp-content\/uploads\/2020\/10\/b77588187e01ae15cb7d.jpeg?auto=format%2Cenhance%2Ccompress","type":"image\/jpeg"}],"author":"Ivana Markovi\u0107","twitter_card":"summary_large_image","twitter_misc":{"Napisao\/la":"Ivana Markovi\u0107","Procijenjeno vrijeme \u010ditanja":"3 minute"},"schema":{"@context":"https:\/\/schema.org","@graph":[{"@type":"Article","@id":"https:\/\/sothebysrealty.hr\/hr\/galerija-mala-gdje-su-izlozbe-vise-od-umjetnosti\/#article","isPartOf":{"@id":"https:\/\/sothebysrealty.hr\/hr\/galerija-mala-gdje-su-izlozbe-vise-od-umjetnosti\/"},"author":{"name":"Ivana Markovi\u0107","@id":"https:\/\/sothebysrealty.hr\/hr\/#\/schema\/person\/6cbca8c77cda86b76f8af0b47783626c"},"headline":"Galerija Mala \u2013 Gdje su izlo\u017ebe vi\u0161e od umjetnosti","datePublished":"2018-12-04T13:24:03+00:00","dateModified":"2022-05-10T10:21:37+00:00","mainEntityOfPage":{"@id":"https:\/\/sothebysrealty.hr\/hr\/galerija-mala-gdje-su-izlozbe-vise-od-umjetnosti\/"},"wordCount":518,"commentCount":0,"publisher":{"@id":"https:\/\/sothebysrealty.hr\/hr\/#organization"},"image":{"@id":"https:\/\/sothebysrealty.hr\/hr\/galerija-mala-gdje-su-izlozbe-vise-od-umjetnosti\/#primaryimage"},"thumbnailUrl":"https:\/\/sothebysrealtyhr.imgix.net\/wp-content\/uploads\/2020\/10\/b77588187e01ae15cb7d.jpeg?auto=format%2Cenhance%2Ccompress","keywords":["galerija mala","sotheby\u2019s","umjetnost"],"articleSection":["Uncategorized @hr"],"inLanguage":"hr","potentialAction":[{"@type":"CommentAction","name":"Comment","target":["https:\/\/sothebysrealty.hr\/hr\/galerija-mala-gdje-su-izlozbe-vise-od-umjetnosti\/#respond"]}]},{"@type":"WebPage","@id":"https:\/\/sothebysrealty.hr\/hr\/galerija-mala-gdje-su-izlozbe-vise-od-umjetnosti\/","url":"https:\/\/sothebysrealty.hr\/hr\/galerija-mala-gdje-su-izlozbe-vise-od-umjetnosti\/","name":"Galerija Mala \u2013 Gdje su izlo\u017ebe vi\u0161e od umjetnosti - Croatia Sotheby&#039;s International Realty","isPartOf":{"@id":"https:\/\/sothebysrealty.hr\/hr\/#website"},"primaryImageOfPage":{"@id":"https:\/\/sothebysrealty.hr\/hr\/galerija-mala-gdje-su-izlozbe-vise-od-umjetnosti\/#primaryimage"},"image":{"@id":"https:\/\/sothebysrealty.hr\/hr\/galerija-mala-gdje-su-izlozbe-vise-od-umjetnosti\/#primaryimage"},"thumbnailUrl":"https:\/\/sothebysrealtyhr.imgix.net\/wp-content\/uploads\/2020\/10\/b77588187e01ae15cb7d.jpeg?auto=format%2Cenhance%2Ccompress","datePublished":"2018-12-04T13:24:03+00:00","dateModified":"2022-05-10T10:21:37+00:00","description":"Galerija mala jedna je od prvih privatnih galerija u Hrvatskoj koja predstavlja kulturnu to\u010dku na sjevernoj strani trga u Zagrebu.","breadcrumb":{"@id":"https:\/\/sothebysrealty.hr\/hr\/galerija-mala-gdje-su-izlozbe-vise-od-umjetnosti\/#breadcrumb"},"inLanguage":"hr","potentialAction":[{"@type":"ReadAction","target":["https:\/\/sothebysrealty.hr\/hr\/galerija-mala-gdje-su-izlozbe-vise-od-umjetnosti\/"]}]},{"@type":"ImageObject","inLanguage":"hr","@id":"https:\/\/sothebysrealty.hr\/hr\/galerija-mala-gdje-su-izlozbe-vise-od-umjetnosti\/#primaryimage","url":"https:\/\/sothebysrealtyhr.imgix.net\/wp-content\/uploads\/2020\/10\/b77588187e01ae15cb7d.jpeg?auto=format%2Cenhance%2Ccompress","contentUrl":"https:\/\/sothebysrealtyhr.imgix.net\/wp-content\/uploads\/2020\/10\/b77588187e01ae15cb7d.jpeg?auto=format%2Cenhance%2Ccompress","width":1800,"height":1200},{"@type":"BreadcrumbList","@id":"https:\/\/sothebysrealty.hr\/hr\/galerija-mala-gdje-su-izlozbe-vise-od-umjetnosti\/#breadcrumb","itemListElement":[{"@type":"ListItem","position":1,"name":"Home","item":"https:\/\/sothebysrealty.hr\/hr\/"},{"@type":"ListItem","position":2,"name":"Galerija Mala \u2013 Gdje su izlo\u017ebe vi\u0161e od umjetnosti"}]},{"@type":"WebSite","@id":"https:\/\/sothebysrealty.hr\/hr\/#website","url":"https:\/\/sothebysrealty.hr\/hr\/","name":"Croatia Sotheby&#039;s International Realty","description":"Croatia property for sale, buying property in Croatia. Croatia Sotheby&#039;s International Realty have the best selection of real estate properties in Croatia.","publisher":{"@id":"https:\/\/sothebysrealty.hr\/hr\/#organization"},"potentialAction":[{"@type":"SearchAction","target":{"@type":"EntryPoint","urlTemplate":"https:\/\/sothebysrealty.hr\/hr\/?s={search_term_string}"},"query-input":{"@type":"PropertyValueSpecification","valueRequired":true,"valueName":"search_term_string"}}],"inLanguage":"hr"},{"@type":"Organization","@id":"https:\/\/sothebysrealty.hr\/hr\/#organization","name":"Croatia Sotheby\u2019s International Realty","url":"https:\/\/sothebysrealty.hr\/hr\/","logo":{"@type":"ImageObject","inLanguage":"hr","@id":"https:\/\/sothebysrealty.hr\/hr\/#\/schema\/logo\/image\/","url":"https:\/\/sothebysrealtyhr.imgix.net\/wp-content\/uploads\/2021\/01\/Sothebys_Croatia_Signature.jpg?auto=format%2Cenhance%2Ccompress","contentUrl":"https:\/\/sothebysrealtyhr.imgix.net\/wp-content\/uploads\/2021\/01\/Sothebys_Croatia_Signature.jpg?auto=format%2Cenhance%2Ccompress","width":260,"height":260,"caption":"Croatia Sotheby\u2019s International Realty"},"image":{"@id":"https:\/\/sothebysrealty.hr\/hr\/#\/schema\/logo\/image\/"},"sameAs":["https:\/\/www.facebook.com\/Croatia-Sothebys-International-Realty-1387517151312497\/","https:\/\/www.instagram.com\/croatiasothebysrealty\/","https:\/\/www.linkedin.com\/company\/sotheby\u00b4s-international-realty-croatia","https:\/\/www.youtube.com\/channel\/UCpdNuXABkD23GhwOVvXY7YA"]},{"@type":"Person","@id":"https:\/\/sothebysrealty.hr\/hr\/#\/schema\/person\/6cbca8c77cda86b76f8af0b47783626c","name":"Ivana Markovi\u0107","image":{"@type":"ImageObject","inLanguage":"hr","@id":"https:\/\/sothebysrealty.hr\/hr\/#\/schema\/person\/image\/","url":"https:\/\/secure.gravatar.com\/avatar\/bfe473a89882d435266bc45a90c012c3270a6e24fc561825eb28bebca6be45db?s=96&d=mm&r=g","contentUrl":"https:\/\/secure.gravatar.com\/avatar\/bfe473a89882d435266bc45a90c012c3270a6e24fc561825eb28bebca6be45db?s=96&d=mm&r=g","caption":"Ivana Markovi\u0107"}}]}},"_links":{"self":[{"href":"https:\/\/sothebysrealty.hr\/hr\/wp-json\/wp\/v2\/posts\/8272","targetHints":{"allow":["GET"]}}],"collection":[{"href":"https:\/\/sothebysrealty.hr\/hr\/wp-json\/wp\/v2\/posts"}],"about":[{"href":"https:\/\/sothebysrealty.hr\/hr\/wp-json\/wp\/v2\/types\/post"}],"author":[{"embeddable":true,"href":"https:\/\/sothebysrealty.hr\/hr\/wp-json\/wp\/v2\/users\/3"}],"replies":[{"embeddable":true,"href":"https:\/\/sothebysrealty.hr\/hr\/wp-json\/wp\/v2\/comments?post=8272"}],"version-history":[{"count":0,"href":"https:\/\/sothebysrealty.hr\/hr\/wp-json\/wp\/v2\/posts\/8272\/revisions"}],"wp:featuredmedia":[{"embeddable":true,"href":"https:\/\/sothebysrealty.hr\/hr\/wp-json\/wp\/v2\/media\/5235"}],"wp:attachment":[{"href":"https:\/\/sothebysrealty.hr\/hr\/wp-json\/wp\/v2\/media?parent=8272"}],"wp:term":[{"taxonomy":"category","embeddable":true,"href":"https:\/\/sothebysrealty.hr\/hr\/wp-json\/wp\/v2\/categories?post=8272"},{"taxonomy":"post_tag","embeddable":true,"href":"https:\/\/sothebysrealty.hr\/hr\/wp-json\/wp\/v2\/tags?post=8272"}],"curies":[{"name":"wp","href":"https:\/\/api.w.org\/{rel}","templated":true}]}}